{"id":15697,"date":"2024-12-08T21:44:33","date_gmt":"2024-12-08T20:44:33","guid":{"rendered":"https:\/\/www.oshinkan.com\/?p=15697"},"modified":"2024-12-08T21:55:52","modified_gmt":"2024-12-08T20:55:52","slug":"premiere-pratique-de-lannee-keiko-hajime","status":"publish","type":"post","link":"https:\/\/www.oshinkan.com\/index.php\/2024\/12\/08\/premiere-pratique-de-lannee-keiko-hajime\/","title":{"rendered":"&#8220;Premi\u00e8re pratique&#8221; de l&#8217;ann\u00e9e &#8211; Keiko hajime \u7a3d\u53e4\u59cb\u3081"},"content":{"rendered":"\t\t<div data-elementor-type=\"wp-post\" data-elementor-id=\"15697\" class=\"elementor elementor-15697\">\n\t\t\t\t\t\t<section class=\"elementor-section elementor-top-section elementor-element elementor-element-17b4f8b3 elementor-section-boxed elementor-section-height-default elementor-section-height-default\" data-id=\"17b4f8b3\" data-element_type=\"section\" data-e-type=\"section\">\n\t\t\t\t\t\t<div class=\"elementor-container elementor-column-gap-default\">\n\t\t\t\t\t<div class=\"elementor-column elementor-col-100 elementor-top-column elementor-element elementor-element-3498df99\" data-id=\"3498df99\" data-element_type=\"column\" data-e-type=\"column\">\n\t\t\t<div class=\"elementor-widget-wrap elementor-element-populated\">\n\t\t\t\t\t\t<div class=\"elementor-element elementor-element-6c11a0d2 elementor-widget elementor-widget-text-editor\" data-id=\"6c11a0d2\" data-element_type=\"widget\" data-e-type=\"widget\" data-widget_type=\"text-editor.default\">\n\t\t\t\t<div class=\"elementor-widget-container\">\n\t\t\t\t\t\t\t\t\t<p style=\"text-align: center;\">Premier entrainement de l&#8217;ann\u00e9e de 2025, r\u00e9serv\u00e9 aux membres du dojo.<\/p><p style=\"font-weight: 400; text-align: center;\"><strong>Lieu<br \/><\/strong>Oshinkan 1, rue Blaja 31 500 Toulouse<\/p><p style=\"font-weight: 400; text-align: center;\"><strong>Dates<br \/><\/strong>Lundi 6 janvier 2025<\/p><p style=\"font-weight: 400; text-align: center;\"><strong>Horaires<\/strong><br \/>18 h 30 &#8211;<\/p>\t\t\t\t\t\t\t\t<\/div>\n\t\t\t\t<\/div>\n\t\t\t\t<div class=\"elementor-element elementor-element-2e4638f elementor-widget elementor-widget-video\" data-id=\"2e4638f\" data-element_type=\"widget\" data-e-type=\"widget\" data-settings=\"{&quot;video_type&quot;:&quot;hosted&quot;}\" data-widget_type=\"video.default\">\n\t\t\t\t<div class=\"elementor-widget-container\">\n\t\t\t\t\t\t\t<div class=\"e-hosted-video elementor-wrapper elementor-open-inline\">\n\t\t\t\t\t<video class=\"elementor-video\" src=\"https:\/\/www.oshinkan.com\/wp-content\/uploads\/2023\/02\/Bukoryu-Oshinkan-01-2023.mp4\" preload=\"metadata\" controlsList=\"nodownload\"><\/video>\n\t\t\t\t<\/div>\n\t\t\t\t\t\t<\/div>\n\t\t\t\t<\/div>\n\t\t\t\t\t<\/div>\n\t\t<\/div>\n\t\t\t\t\t<\/div>\n\t\t<\/section>\n\t\t\t\t<\/div>\n\t\t","protected":false},"excerpt":{"rendered":"<p>Premier entrainement de l&#8217;ann\u00e9e de 2025, r\u00e9serv\u00e9 aux membres du dojo. LieuOshinkan 1, rue Blaja 31 500 Toulouse DatesLundi 6 janvier 2025 Horaires18 h 30 &#8211; https:\/\/www.oshinkan.com\/wp-content\/uploads\/2023\/02\/Bukoryu-Oshinkan-01-2023.mp4<\/p>\n","protected":false},"author":1,"featured_media":11379,"comment_status":"closed","ping_status":"closed","sticky":false,"template":"","format":"standard","meta":{"footnotes":""},"categories":[20,24],"tags":[73,77],"class_list":["post-15697","post","type-post","status-publish","format-standard","has-post-thumbnail","hentry","category-arts-martiaux","category-general","tag-arts-martiaux-japonais","tag-stage-darts-martiaux-japonais"],"yoast_head":"<!-- This site is optimized with the Yoast SEO plugin v27.4 - https:\/\/yoast.com\/product\/yoast-seo-wordpress\/ -->\n<title>&quot;Premi\u00e8re pratique&quot; de l&#039;ann\u00e9e - Keiko hajime \u7a3d\u53e4\u59cb\u3081 - Arts martiaux calligraphie et musique japonaise Oshinkan Dojo<\/title>\n<meta name=\"description\" content=\"Premi\u00e8re pratique de l&#039;ann\u00e9e - Keiko hajime\" \/>\n<meta name=\"robots\" content=\"index, follow, max-snippet:-1, max-image-preview:large, max-video-preview:-1\" \/>\n<link rel=\"canonical\" href=\"https:\/\/www.oshinkan.com\/index.php\/2024\/12\/08\/premiere-pratique-de-lannee-keiko-hajime\/\" \/>\n<meta property=\"og:locale\" content=\"fr_FR\" \/>\n<meta property=\"og:type\" content=\"article\" \/>\n<meta property=\"og:title\" content=\"&quot;Premi\u00e8re pratique&quot; de l&#039;ann\u00e9e - Keiko hajime \u7a3d\u53e4\u59cb\u3081 - Arts martiaux calligraphie et musique japonaise Oshinkan Dojo\" \/>\n<meta property=\"og:description\" content=\"Premi\u00e8re pratique de l&#039;ann\u00e9e - Keiko hajime\" \/>\n<meta property=\"og:url\" content=\"https:\/\/www.oshinkan.com\/index.php\/2024\/12\/08\/premiere-pratique-de-lannee-keiko-hajime\/\" \/>\n<meta property=\"og:site_name\" content=\"Arts martiaux calligraphie et musique japonaise Oshinkan Dojo\" \/>\n<meta property=\"article:published_time\" content=\"2024-12-08T20:44:33+00:00\" \/>\n<meta property=\"article:modified_time\" content=\"2024-12-08T20:55:52+00:00\" \/>\n<meta property=\"og:image\" content=\"https:\/\/www.oshinkan.com\/wp-content\/uploads\/2022\/10\/DSC_8089.jpg\" \/>\n\t<meta property=\"og:image:width\" content=\"2048\" \/>\n\t<meta property=\"og:image:height\" content=\"1360\" \/>\n\t<meta property=\"og:image:type\" content=\"image\/jpeg\" \/>\n<meta name=\"author\" content=\"admin4501\" \/>\n<meta name=\"twitter:card\" content=\"summary_large_image\" \/>\n<meta name=\"twitter:label1\" content=\"\u00c9crit par\" \/>\n\t<meta name=\"twitter:data1\" content=\"admin4501\" \/>\n\t<meta name=\"twitter:label2\" content=\"Dur\u00e9e de lecture estim\u00e9e\" \/>\n\t<meta name=\"twitter:data2\" content=\"1 minute\" \/>\n<script type=\"application\/ld+json\" class=\"yoast-schema-graph\">{\"@context\":\"https:\\\/\\\/schema.org\",\"@graph\":[{\"@type\":\"Article\",\"@id\":\"https:\\\/\\\/www.oshinkan.com\\\/index.php\\\/2024\\\/12\\\/08\\\/premiere-pratique-de-lannee-keiko-hajime\\\/#article\",\"isPartOf\":{\"@id\":\"https:\\\/\\\/www.oshinkan.com\\\/index.php\\\/2024\\\/12\\\/08\\\/premiere-pratique-de-lannee-keiko-hajime\\\/\"},\"author\":{\"name\":\"admin4501\",\"@id\":\"https:\\\/\\\/www.oshinkan.com\\\/#\\\/schema\\\/person\\\/a67bcbb1ae606a96ebd9cbe7b0531f24\"},\"headline\":\"&#8220;Premi\u00e8re pratique&#8221; de l&#8217;ann\u00e9e &#8211; Keiko hajime \u7a3d\u53e4\u59cb\u3081\",\"datePublished\":\"2024-12-08T20:44:33+00:00\",\"dateModified\":\"2024-12-08T20:55:52+00:00\",\"mainEntityOfPage\":{\"@id\":\"https:\\\/\\\/www.oshinkan.com\\\/index.php\\\/2024\\\/12\\\/08\\\/premiere-pratique-de-lannee-keiko-hajime\\\/\"},\"wordCount\":42,\"image\":{\"@id\":\"https:\\\/\\\/www.oshinkan.com\\\/index.php\\\/2024\\\/12\\\/08\\\/premiere-pratique-de-lannee-keiko-hajime\\\/#primaryimage\"},\"thumbnailUrl\":\"https:\\\/\\\/www.oshinkan.com\\\/wp-content\\\/uploads\\\/2022\\\/10\\\/DSC_8089.jpg\",\"keywords\":[\"arts martiaux japonais\",\"stage d'arts martiaux japonais\"],\"articleSection\":[\"Arts martiaux\",\"G\u00e9n\u00e9ral\"],\"inLanguage\":\"fr-FR\"},{\"@type\":\"WebPage\",\"@id\":\"https:\\\/\\\/www.oshinkan.com\\\/index.php\\\/2024\\\/12\\\/08\\\/premiere-pratique-de-lannee-keiko-hajime\\\/\",\"url\":\"https:\\\/\\\/www.oshinkan.com\\\/index.php\\\/2024\\\/12\\\/08\\\/premiere-pratique-de-lannee-keiko-hajime\\\/\",\"name\":\"\\\"Premi\u00e8re pratique\\\" de l'ann\u00e9e - Keiko hajime \u7a3d\u53e4\u59cb\u3081 - Arts martiaux calligraphie et musique japonaise Oshinkan Dojo\",\"isPartOf\":{\"@id\":\"https:\\\/\\\/www.oshinkan.com\\\/#website\"},\"primaryImageOfPage\":{\"@id\":\"https:\\\/\\\/www.oshinkan.com\\\/index.php\\\/2024\\\/12\\\/08\\\/premiere-pratique-de-lannee-keiko-hajime\\\/#primaryimage\"},\"image\":{\"@id\":\"https:\\\/\\\/www.oshinkan.com\\\/index.php\\\/2024\\\/12\\\/08\\\/premiere-pratique-de-lannee-keiko-hajime\\\/#primaryimage\"},\"thumbnailUrl\":\"https:\\\/\\\/www.oshinkan.com\\\/wp-content\\\/uploads\\\/2022\\\/10\\\/DSC_8089.jpg\",\"datePublished\":\"2024-12-08T20:44:33+00:00\",\"dateModified\":\"2024-12-08T20:55:52+00:00\",\"author\":{\"@id\":\"https:\\\/\\\/www.oshinkan.com\\\/#\\\/schema\\\/person\\\/a67bcbb1ae606a96ebd9cbe7b0531f24\"},\"description\":\"Premi\u00e8re pratique de l'ann\u00e9e - Keiko hajime\",\"breadcrumb\":{\"@id\":\"https:\\\/\\\/www.oshinkan.com\\\/index.php\\\/2024\\\/12\\\/08\\\/premiere-pratique-de-lannee-keiko-hajime\\\/#breadcrumb\"},\"inLanguage\":\"fr-FR\",\"potentialAction\":[{\"@type\":\"ReadAction\",\"target\":[\"https:\\\/\\\/www.oshinkan.com\\\/index.php\\\/2024\\\/12\\\/08\\\/premiere-pratique-de-lannee-keiko-hajime\\\/\"]}]},{\"@type\":\"ImageObject\",\"inLanguage\":\"fr-FR\",\"@id\":\"https:\\\/\\\/www.oshinkan.com\\\/index.php\\\/2024\\\/12\\\/08\\\/premiere-pratique-de-lannee-keiko-hajime\\\/#primaryimage\",\"url\":\"https:\\\/\\\/www.oshinkan.com\\\/wp-content\\\/uploads\\\/2022\\\/10\\\/DSC_8089.jpg\",\"contentUrl\":\"https:\\\/\\\/www.oshinkan.com\\\/wp-content\\\/uploads\\\/2022\\\/10\\\/DSC_8089.jpg\",\"width\":2048,\"height\":1360},{\"@type\":\"BreadcrumbList\",\"@id\":\"https:\\\/\\\/www.oshinkan.com\\\/index.php\\\/2024\\\/12\\\/08\\\/premiere-pratique-de-lannee-keiko-hajime\\\/#breadcrumb\",\"itemListElement\":[{\"@type\":\"ListItem\",\"position\":1,\"name\":\"Accueil\",\"item\":\"https:\\\/\\\/www.oshinkan.com\\\/\"},{\"@type\":\"ListItem\",\"position\":2,\"name\":\"\u00ab\u00a0Premi\u00e8re pratique\u00a0\u00bb de l&rsquo;ann\u00e9e &#8211; Keiko hajime \u7a3d\u53e4\u59cb\u3081\"}]},{\"@type\":\"WebSite\",\"@id\":\"https:\\\/\\\/www.oshinkan.com\\\/#website\",\"url\":\"https:\\\/\\\/www.oshinkan.com\\\/\",\"name\":\"Arts martiaux calligraphie et musique japonaise Oshinkan Dojo\",\"description\":\"\",\"potentialAction\":[{\"@type\":\"SearchAction\",\"target\":{\"@type\":\"EntryPoint\",\"urlTemplate\":\"https:\\\/\\\/www.oshinkan.com\\\/?s={search_term_string}\"},\"query-input\":{\"@type\":\"PropertyValueSpecification\",\"valueRequired\":true,\"valueName\":\"search_term_string\"}}],\"inLanguage\":\"fr-FR\"},{\"@type\":\"Person\",\"@id\":\"https:\\\/\\\/www.oshinkan.com\\\/#\\\/schema\\\/person\\\/a67bcbb1ae606a96ebd9cbe7b0531f24\",\"name\":\"admin4501\",\"image\":{\"@type\":\"ImageObject\",\"inLanguage\":\"fr-FR\",\"@id\":\"https:\\\/\\\/secure.gravatar.com\\\/avatar\\\/9c034ca544bd869113b8c1c347fdbbe4a22b71303adc2b9642d161acb0943d89?s=96&d=mm&r=g\",\"url\":\"https:\\\/\\\/secure.gravatar.com\\\/avatar\\\/9c034ca544bd869113b8c1c347fdbbe4a22b71303adc2b9642d161acb0943d89?s=96&d=mm&r=g\",\"contentUrl\":\"https:\\\/\\\/secure.gravatar.com\\\/avatar\\\/9c034ca544bd869113b8c1c347fdbbe4a22b71303adc2b9642d161acb0943d89?s=96&d=mm&r=g\",\"caption\":\"admin4501\"},\"sameAs\":[\"https:\\\/\\\/www.oshinkan.com\"],\"url\":\"https:\\\/\\\/www.oshinkan.com\\\/index.php\\\/author\\\/admin4501\\\/\"}]}<\/script>\n<!-- \/ Yoast SEO plugin. -->","yoast_head_json":{"title":"\"Premi\u00e8re pratique\" de l'ann\u00e9e - Keiko hajime \u7a3d\u53e4\u59cb\u3081 - Arts martiaux calligraphie et musique japonaise Oshinkan Dojo","description":"Premi\u00e8re pratique de l'ann\u00e9e - Keiko hajime","robots":{"index":"index","follow":"follow","max-snippet":"max-snippet:-1","max-image-preview":"max-image-preview:large","max-video-preview":"max-video-preview:-1"},"canonical":"https:\/\/www.oshinkan.com\/index.php\/2024\/12\/08\/premiere-pratique-de-lannee-keiko-hajime\/","og_locale":"fr_FR","og_type":"article","og_title":"\"Premi\u00e8re pratique\" de l'ann\u00e9e - Keiko hajime \u7a3d\u53e4\u59cb\u3081 - Arts martiaux calligraphie et musique japonaise Oshinkan Dojo","og_description":"Premi\u00e8re pratique de l'ann\u00e9e - Keiko hajime","og_url":"https:\/\/www.oshinkan.com\/index.php\/2024\/12\/08\/premiere-pratique-de-lannee-keiko-hajime\/","og_site_name":"Arts martiaux calligraphie et musique japonaise Oshinkan Dojo","article_published_time":"2024-12-08T20:44:33+00:00","article_modified_time":"2024-12-08T20:55:52+00:00","og_image":[{"width":2048,"height":1360,"url":"https:\/\/www.oshinkan.com\/wp-content\/uploads\/2022\/10\/DSC_8089.jpg","type":"image\/jpeg"}],"author":"admin4501","twitter_card":"summary_large_image","twitter_misc":{"\u00c9crit par":"admin4501","Dur\u00e9e de lecture estim\u00e9e":"1 minute"},"schema":{"@context":"https:\/\/schema.org","@graph":[{"@type":"Article","@id":"https:\/\/www.oshinkan.com\/index.php\/2024\/12\/08\/premiere-pratique-de-lannee-keiko-hajime\/#article","isPartOf":{"@id":"https:\/\/www.oshinkan.com\/index.php\/2024\/12\/08\/premiere-pratique-de-lannee-keiko-hajime\/"},"author":{"name":"admin4501","@id":"https:\/\/www.oshinkan.com\/#\/schema\/person\/a67bcbb1ae606a96ebd9cbe7b0531f24"},"headline":"&#8220;Premi\u00e8re pratique&#8221; de l&#8217;ann\u00e9e &#8211; Keiko hajime \u7a3d\u53e4\u59cb\u3081","datePublished":"2024-12-08T20:44:33+00:00","dateModified":"2024-12-08T20:55:52+00:00","mainEntityOfPage":{"@id":"https:\/\/www.oshinkan.com\/index.php\/2024\/12\/08\/premiere-pratique-de-lannee-keiko-hajime\/"},"wordCount":42,"image":{"@id":"https:\/\/www.oshinkan.com\/index.php\/2024\/12\/08\/premiere-pratique-de-lannee-keiko-hajime\/#primaryimage"},"thumbnailUrl":"https:\/\/www.oshinkan.com\/wp-content\/uploads\/2022\/10\/DSC_8089.jpg","keywords":["arts martiaux japonais","stage d'arts martiaux japonais"],"articleSection":["Arts martiaux","G\u00e9n\u00e9ral"],"inLanguage":"fr-FR"},{"@type":"WebPage","@id":"https:\/\/www.oshinkan.com\/index.php\/2024\/12\/08\/premiere-pratique-de-lannee-keiko-hajime\/","url":"https:\/\/www.oshinkan.com\/index.php\/2024\/12\/08\/premiere-pratique-de-lannee-keiko-hajime\/","name":"\"Premi\u00e8re pratique\" de l'ann\u00e9e - Keiko hajime \u7a3d\u53e4\u59cb\u3081 - Arts martiaux calligraphie et musique japonaise Oshinkan Dojo","isPartOf":{"@id":"https:\/\/www.oshinkan.com\/#website"},"primaryImageOfPage":{"@id":"https:\/\/www.oshinkan.com\/index.php\/2024\/12\/08\/premiere-pratique-de-lannee-keiko-hajime\/#primaryimage"},"image":{"@id":"https:\/\/www.oshinkan.com\/index.php\/2024\/12\/08\/premiere-pratique-de-lannee-keiko-hajime\/#primaryimage"},"thumbnailUrl":"https:\/\/www.oshinkan.com\/wp-content\/uploads\/2022\/10\/DSC_8089.jpg","datePublished":"2024-12-08T20:44:33+00:00","dateModified":"2024-12-08T20:55:52+00:00","author":{"@id":"https:\/\/www.oshinkan.com\/#\/schema\/person\/a67bcbb1ae606a96ebd9cbe7b0531f24"},"description":"Premi\u00e8re pratique de l'ann\u00e9e - Keiko hajime","breadcrumb":{"@id":"https:\/\/www.oshinkan.com\/index.php\/2024\/12\/08\/premiere-pratique-de-lannee-keiko-hajime\/#breadcrumb"},"inLanguage":"fr-FR","potentialAction":[{"@type":"ReadAction","target":["https:\/\/www.oshinkan.com\/index.php\/2024\/12\/08\/premiere-pratique-de-lannee-keiko-hajime\/"]}]},{"@type":"ImageObject","inLanguage":"fr-FR","@id":"https:\/\/www.oshinkan.com\/index.php\/2024\/12\/08\/premiere-pratique-de-lannee-keiko-hajime\/#primaryimage","url":"https:\/\/www.oshinkan.com\/wp-content\/uploads\/2022\/10\/DSC_8089.jpg","contentUrl":"https:\/\/www.oshinkan.com\/wp-content\/uploads\/2022\/10\/DSC_8089.jpg","width":2048,"height":1360},{"@type":"BreadcrumbList","@id":"https:\/\/www.oshinkan.com\/index.php\/2024\/12\/08\/premiere-pratique-de-lannee-keiko-hajime\/#breadcrumb","itemListElement":[{"@type":"ListItem","position":1,"name":"Accueil","item":"https:\/\/www.oshinkan.com\/"},{"@type":"ListItem","position":2,"name":"\u00ab\u00a0Premi\u00e8re pratique\u00a0\u00bb de l&rsquo;ann\u00e9e &#8211; Keiko hajime \u7a3d\u53e4\u59cb\u3081"}]},{"@type":"WebSite","@id":"https:\/\/www.oshinkan.com\/#website","url":"https:\/\/www.oshinkan.com\/","name":"Arts martiaux calligraphie et musique japonaise Oshinkan Dojo","description":"","potentialAction":[{"@type":"SearchAction","target":{"@type":"EntryPoint","urlTemplate":"https:\/\/www.oshinkan.com\/?s={search_term_string}"},"query-input":{"@type":"PropertyValueSpecification","valueRequired":true,"valueName":"search_term_string"}}],"inLanguage":"fr-FR"},{"@type":"Person","@id":"https:\/\/www.oshinkan.com\/#\/schema\/person\/a67bcbb1ae606a96ebd9cbe7b0531f24","name":"admin4501","image":{"@type":"ImageObject","inLanguage":"fr-FR","@id":"https:\/\/secure.gravatar.com\/avatar\/9c034ca544bd869113b8c1c347fdbbe4a22b71303adc2b9642d161acb0943d89?s=96&d=mm&r=g","url":"https:\/\/secure.gravatar.com\/avatar\/9c034ca544bd869113b8c1c347fdbbe4a22b71303adc2b9642d161acb0943d89?s=96&d=mm&r=g","contentUrl":"https:\/\/secure.gravatar.com\/avatar\/9c034ca544bd869113b8c1c347fdbbe4a22b71303adc2b9642d161acb0943d89?s=96&d=mm&r=g","caption":"admin4501"},"sameAs":["https:\/\/www.oshinkan.com"],"url":"https:\/\/www.oshinkan.com\/index.php\/author\/admin4501\/"}]}},"_links":{"self":[{"href":"https:\/\/www.oshinkan.com\/index.php\/wp-json\/wp\/v2\/posts\/15697","targetHints":{"allow":["GET"]}}],"collection":[{"href":"https:\/\/www.oshinkan.com\/index.php\/wp-json\/wp\/v2\/posts"}],"about":[{"href":"https:\/\/www.oshinkan.com\/index.php\/wp-json\/wp\/v2\/types\/post"}],"author":[{"embeddable":true,"href":"https:\/\/www.oshinkan.com\/index.php\/wp-json\/wp\/v2\/users\/1"}],"replies":[{"embeddable":true,"href":"https:\/\/www.oshinkan.com\/index.php\/wp-json\/wp\/v2\/comments?post=15697"}],"version-history":[{"count":6,"href":"https:\/\/www.oshinkan.com\/index.php\/wp-json\/wp\/v2\/posts\/15697\/revisions"}],"predecessor-version":[{"id":15710,"href":"https:\/\/www.oshinkan.com\/index.php\/wp-json\/wp\/v2\/posts\/15697\/revisions\/15710"}],"wp:featuredmedia":[{"embeddable":true,"href":"https:\/\/www.oshinkan.com\/index.php\/wp-json\/wp\/v2\/media\/11379"}],"wp:attachment":[{"href":"https:\/\/www.oshinkan.com\/index.php\/wp-json\/wp\/v2\/media?parent=15697"}],"wp:term":[{"taxonomy":"category","embeddable":true,"href":"https:\/\/www.oshinkan.com\/index.php\/wp-json\/wp\/v2\/categories?post=15697"},{"taxonomy":"post_tag","embeddable":true,"href":"https:\/\/www.oshinkan.com\/index.php\/wp-json\/wp\/v2\/tags?post=15697"}],"curies":[{"name":"wp","href":"https:\/\/api.w.org\/{rel}","templated":true}]}}